{"id":7966,"date":"2020-08-30T16:13:00","date_gmt":"2020-08-30T14:13:00","guid":{"rendered":"https:\/\/schweiz.rockyourlife.org\/apercu-de-la-rencontre-de-reseau-du-15-08-2020\/"},"modified":"2025-07-08T11:48:15","modified_gmt":"2025-07-08T09:48:15","slug":"apercu-de-la-rencontre-de-reseau-du-15-08-2020","status":"publish","type":"post","link":"https:\/\/schweiz.rockyourlife.org\/fr\/apercu-de-la-rencontre-de-reseau-du-15-08-2020\/","title":{"rendered":"Aper\u00e7u de la rencontre de r\u00e9seau du 15.08.2020"},"content":{"rendered":"<p>[et_pb_section fb_built=\u00a0\u00bb1&Prime; _builder_version=\u00a0\u00bb3.22.3&Prime; min_height=\u00a0\u00bb4267px\u00a0\u00bb custom_padding=\u00a0\u00bb0px||0px|||\u00a0\u00bb][et_pb_row _builder_version=\u00a0\u00bb3.25&Prime; min_height=\u00a0\u00bb4158px\u00a0\u00bb custom_padding=\u00a0\u00bb0px|||||\u00a0\u00bb][et_pb_column type=\u00a0\u00bb4_4&Prime; _builder_version=\u00a0\u00bb3.25&Prime; custom_padding=\u00a0\u00bb|||\u00a0\u00bb custom_padding__hover=\u00a0\u00bb|||\u00a0\u00bb][et_pb_text _builder_version=\u00a0\u00bb4.6.1&Prime; hover_enabled=\u00a0\u00bb0&Prime; sticky_enabled=\u00a0\u00bb0&Prime;]<\/p>\n<p>Ce qui nous a fait vibrer lors de la rencontre du r\u00e9seau de cette ann\u00e9e &#8211; une r\u00e9trospective en images.<\/p>\n<p>[\/et_pb_text][et_pb_image src=\u00a0\u00bbhttps:\/\/schweiz.rockyourlife.org\/wp-content\/uploads\/sites\/47\/2020\/09\/News_RYL_Mentoring-Potenzialentfaltung-Networking-09.jpg\u00a0\u00bb alt=\u00a0\u00bbROCK YOUR LIFE Mentorat D\u00e9veloppement du potentiel R\u00e9seautage\u00a0\u00bb title_text=\u00a0\u00bbNouvelles_RYL_Mentoring-D\u00e9veloppement du potentiel-R\u00e9seautage-09&Prime; _builder_version=\u00a0\u00bb4.6.1&Prime; _module_preset=\u00a0\u00bbdefault\u00a0\u00bb][\/et_pb_image][et_pb_image src=\u00a0\u00bbhttps:\/\/schweiz.rockyourlife.org\/wp-content\/uploads\/sites\/47\/2020\/09\/News_RYL_Mentoring-Potenzialentfaltung-Networking-08.jpg\u00a0\u00bb alt=\u00a0\u00bbROCK YOUR LIFE Mentorat D\u00e9veloppement du potentiel R\u00e9seautage\u00a0\u00bb title_text=\u00a0\u00bbNews_RYL_Mentoring-D\u00e9veloppement du potentiel-R\u00e9seautage-08&Prime; _builder_version=\u00a0\u00bb4.6.1&Prime; _module_preset=\u00a0\u00bbdefault\u00a0\u00bb][\/et_pb_image][et_pb_image src=\u00a0\u00bbhttps:\/\/schweiz.rockyourlife.org\/wp-content\/uploads\/sites\/47\/2020\/09\/News_RYL_Mentoring-Potenzialentfaltung-Networking-12.jpg\u00a0\u00bb alt=\u00a0\u00bbROCK YOUR LIFE Mentorat D\u00e9veloppement du potentiel R\u00e9seautage\u00a0\u00bb title_text=\u00a0\u00bbNouvelles_RYL_Mentoring-D\u00e9veloppement du potentiel-R\u00e9seautage-12&Prime; _builder_version=\u00a0\u00bb4.6.1&Prime; _module_preset=\u00a0\u00bbdefault\u00a0\u00bb][\/et_pb_image][et_pb_text _builder_version=\u00a0\u00bb4.6.1&Prime;]<\/p>\n<p>\ud83d\udc8c Nos moments RYL! pr\u00e9f\u00e9r\u00e9s et leurs effet magique.<\/p>\n<p>[\/et_pb_text][et_pb_image src=\u00a0\u00bbhttps:\/\/schweiz.rockyourlife.org\/wp-content\/uploads\/sites\/47\/2020\/09\/News_RYL_Mentoring-Potenzialentfaltung-Networking-13.jpg\u00a0\u00bb alt=\u00a0\u00bbROCK YOUR LIFE Mentorat D\u00e9veloppement du potentiel R\u00e9seautage\u00a0\u00bb title_text=\u00a0\u00bbNouvelles_RYL_Mentoring-D\u00e9veloppement du potentiel-R\u00e9seautage-13&Prime; _builder_version=\u00a0\u00bb4.6.1&Prime; _module_preset=\u00a0\u00bbdefault\u00a0\u00bb][\/et_pb_image][et_pb_text _builder_version=\u00a0\u00bb4.6.1&Prime;]<\/p>\n<p>\ud83d\udd78\ufe0f Le pouvoir des r\u00e9seaux. Comment sommes-nous connect\u00e9s ? Comment sommes-nous arriv\u00e9s \u00e0 RYL! et qu&rsquo;est-ce qui nous permet de rester actifs et engag\u00e9s ?<\/p>\n<p>[\/et_pb_text][et_pb_image src=\u00a0\u00bbhttps:\/\/schweiz.rockyourlife.org\/wp-content\/uploads\/sites\/47\/2020\/09\/News_RYL_Mentoring-Potenzialentfaltung-Networking-14.jpg\u00a0\u00bb alt=\u00a0\u00bbROCK YOUR LIFE Mentorat D\u00e9veloppement du potentiel R\u00e9seautage\u00a0\u00bb title_text=\u00a0\u00bbNouvelles_RYL_Mentoring-D\u00e9veloppement du potentiel-R\u00e9seautage-14&Prime; _builder_version=\u00a0\u00bb4.6.1&Prime; _module_preset=\u00a0\u00bbdefault\u00a0\u00bb][\/et_pb_image][et_pb_text _builder_version=\u00a0\u00bb4.6.1&Prime;]<\/p>\n<p>\ud83d\udc8e C&rsquo;est ainsi que nous vivons nos valeurs RYL!<\/p>\n<p>[\/et_pb_text][et_pb_image src=\u00a0\u00bbhttps:\/\/schweiz.rockyourlife.org\/wp-content\/uploads\/sites\/47\/2020\/09\/News_RYL_Mentoring-Potenzialentfaltung-Networking-15-1.jpg\u00a0\u00bb alt=\u00a0\u00bbROCK YOUR LIFE Mentorat D\u00e9veloppement du potentiel R\u00e9seautage\u00a0\u00bb title_text=\u00a0\u00bbNouvelles_RYL_Mentoring-D\u00e9veloppement du potentiel-R\u00e9seautage-15&Prime; _builder_version=\u00a0\u00bb4.6.1&Prime; _module_preset=\u00a0\u00bbdefault\u00a0\u00bb][\/et_pb_image][et_pb_text _builder_version=\u00a0\u00bb4.5.7&Prime;]<\/p>\n<p><strong><\/strong>\ud83c\udfa8 Atelier DESIGN YOUR LIFE : conception cr\u00e9ative de la vie et transformation de l&rsquo;entreprise centr\u00e9e sur l&rsquo;humain<\/p>\n<p>[\/et_pb_text][et_pb_image src=\u00a0\u00bbhttps:\/\/schweiz.rockyourlife.org\/wp-content\/uploads\/sites\/47\/2020\/09\/News_RYL_Mentoring-Potenzialentfaltung-Networking-03.jpg\u00a0\u00bb alt=\u00a0\u00bbROCK YOUR LIFE Mentorat D\u00e9veloppement du potentiel R\u00e9seautage\u00a0\u00bb title_text=\u00a0\u00bbNouvelles_RYL_Mentoring-D\u00e9veloppement du potentiel-R\u00e9seautage-03&Prime; _builder_version=\u00a0\u00bb4.6.1&Prime; _module_preset=\u00a0\u00bbdefault\u00a0\u00bb][\/et_pb_image][et_pb_slider _builder_version=\u00a0\u00bb4.6.1&Prime; _module_preset=\u00a0\u00bbdefault\u00a0\u00bb][et_pb_slide heading=\u00a0\u00bbPARTICIPER \u00c0 RYL!\u00a0\u00bb button_text=\u00a0\u00bbNotre programme et notre offre \u2192 \u00a0\u00bb button_link=\u00a0\u00bbhttps:\/\/schweiz.rockyourlife.org\/fr\/ce-que-nous-faisons\/#programm-angebot\u00a0\u00bb url_new_window=\u00a0\u00bbon\u00a0\u00bb _builder_version=\u00a0\u00bb4.6.1&Prime; _module_preset=\u00a0\u00bbdefault\u00a0\u00bb header_level=\u00a0\u00bbh1&Prime; link_option_url_new_window=\u00a0\u00bbon\u00a0\u00bb sticky_transition=\u00a0\u00bbon\u00a0\u00bb]<\/p>\n<p>Deviens membre d&rsquo;un mouvement qui promouvoit l&rsquo;\u00e9galit\u00e9 des chances, l&rsquo;\u00e9quit\u00e9 dans le domaine de la formation et un monde dans lequel chaque individu d\u00e9veloppe son potentiel, ind\u00e9pendamment de ses conditions de vie.<\/p>\n<p>[\/et_pb_slide][\/et_pb_slider][et_pb_image src=\u00a0\u00bbhttps:\/\/schweiz.rockyourlife.org\/wp-content\/uploads\/sites\/47\/2020\/09\/News_RYL_Mentoring-Potenzialentfaltung-Networking-11.jpg\u00a0\u00bb alt=\u00a0\u00bbROCK YOUR LIFE Mentorat D\u00e9veloppement du potentiel R\u00e9seautage\u00a0\u00bb title_text=\u00a0\u00bbNews_RYL_Mentoring-D\u00e9veloppement du potentiel-R\u00e9seautage-11&Prime; _builder_version=\u00a0\u00bb4.6.1&Prime; _module_preset=\u00a0\u00bbdefault\u00a0\u00bb][\/et_pb_image][et_pb_image src=\u00a0\u00bbhttps:\/\/schweiz.rockyourlife.org\/wp-content\/uploads\/sites\/47\/2020\/09\/News_RYL_Mentoring-Potenzialentfaltung-Networking-07.jpg\u00a0\u00bb alt=\u00a0\u00bbROCK YOUR LIFE Mentorat D\u00e9veloppement du potentiel R\u00e9seautage\u00a0\u00bb title_text=\u00a0\u00bbNouvelles_RYL_Mentoring-D\u00e9veloppement du potentiel-R\u00e9seautage-07&Prime; _builder_version=\u00a0\u00bb4.6.1&Prime; _module_preset=\u00a0\u00bbdefault\u00a0\u00bb][\/et_pb_image][et_pb_image src=\u00a0\u00bbhttps:\/\/schweiz.rockyourlife.org\/wp-content\/uploads\/sites\/47\/2020\/09\/News_RYL_Mentoring-Potenzialentfaltung-Networking-GFK-04.jpg\u00a0\u00bb alt=\u00a0\u00bbROCK YOUR LIFE Mentorat D\u00e9veloppement du potentiel R\u00e9seautage\u00a0\u00bb title_text=\u00a0\u00bbNews_RYL_Mentoring-D\u00e9veloppement du potentiel-R\u00e9seautage-GFK-04&Prime; _builder_version=\u00a0\u00bb4.6.1&Prime; _module_preset=\u00a0\u00bbdefault\u00a0\u00bb][\/et_pb_image][et_pb_text _builder_version=\u00a0\u00bb4.6.1&Prime;]<\/p>\n<p><strong>\ud83e\udd37\ud83c\udffd\u2642\ufe0f <\/strong>Atelier \u00ab\u00a0Gestion des conflits &amp; communication non violente\u00a0\u00bb : distinguer les \u00e9motions des pens\u00e9es et communiquer sans violence.<\/p>\n<p>[\/et_pb_text][et_pb_image src=\u00a0\u00bbhttps:\/\/schweiz.rockyourlife.org\/wp-content\/uploads\/sites\/47\/2020\/09\/News_RYL_Mentoring-Potenzialentfaltung-Networking-GFK-05.jpg\u00a0\u00bb alt=\u00a0\u00bbROCK YOUR LIFE Mentorat D\u00e9veloppement du potentiel R\u00e9seautage\u00a0\u00bb title_text=\u00a0\u00bbNews_RYL_Mentoring-D\u00e9veloppement du potentiel-R\u00e9seautage-GFK-05&Prime; _builder_version=\u00a0\u00bb4.6.1&Prime; _module_preset=\u00a0\u00bbdefault\u00a0\u00bb][\/et_pb_image][et_pb_image src=\u00a0\u00bbhttps:\/\/schweiz.rockyourlife.org\/wp-content\/uploads\/sites\/47\/2020\/09\/News_RYL_Mentoring-Potenzialentfaltung-Networking-GFK-06.jpg\u00a0\u00bb alt=\u00a0\u00bbROCK YOUR LIFE Mentorat D\u00e9veloppement du potentiel R\u00e9seautage\u00a0\u00bb title_text=\u00a0\u00bbNews_RYL_Mentoring-D\u00e9veloppement du potentiel-R\u00e9seautage-GFK-06&Prime; _builder_version=\u00a0\u00bb4.6.1&Prime; _module_preset=\u00a0\u00bbdefault\u00a0\u00bb][\/et_pb_image][et_pb_text _builder_version=\u00a0\u00bb4.6.1&Prime;]<\/p>\n<p><strong><\/strong>\ud83d\ude45\ud83c\udffc Atelier \u00ab\u00a0Gestion des conflits &amp; communication non violente\u00a0\u00bb<\/p>\n<p>[\/et_pb_text][et_pb_image src=\u00a0\u00bbhttps:\/\/schweiz.rockyourlife.org\/wp-content\/uploads\/sites\/47\/2020\/09\/News_RYL_Mentoring-Potenzialentfaltung-Networking-01.jpg\u00a0\u00bb alt=\u00a0\u00bbROCK YOUR LIFE Mentorat D\u00e9veloppement du potentiel R\u00e9seautage\u00a0\u00bb title_text=\u00a0\u00bbNews_RYL_Mentoring-D\u00e9veloppement du potentiel-R\u00e9seautage-01&Prime; _builder_version=\u00a0\u00bb4.6.1&Prime; _module_preset=\u00a0\u00bbdefault\u00a0\u00bb][\/et_pb_image][et_pb_image src=\u00a0\u00bbhttps:\/\/schweiz.rockyourlife.org\/wp-content\/uploads\/sites\/47\/2020\/09\/News_RYL_Mentoring-Potenzialentfaltung-Networking-Trainer-10.jpg\u00a0\u00bb alt=\u00a0\u00bbROCK YOUR LIFE Mentorat D\u00e9veloppement du potentiel R\u00e9seautage\u00a0\u00bb title_text=\u00a0\u00bbNews_RYL_Mentoring-d\u00e9veloppement du potentiel-formateur de r\u00e9seau-10&Prime; _builder_version=\u00a0\u00bb4.6.1&Prime; _module_preset=\u00a0\u00bbdefault\u00a0\u00bb][\/et_pb_image][et_pb_text _builder_version=\u00a0\u00bb4.5.7&Prime; _module_preset=\u00a0\u00bbdefault\u00a0\u00bb custom_padding=\u00a0\u00bb0px|||||\u00a0\u00bb]<\/p>\n<p><a href=\"https:\/\/mailchi.mp\/48eae98666cd\/rockyourlife\" target=\"_blank\" rel=\"noopener noreferrer\">\u2192 S&rsquo;abonner \u00e0 la newsletter<\/a><\/p>\n<p>[\/et_pb_text][et_pb_social_media_follow _builder_version=\u00a0\u00bb4.5.7&Prime; _module_preset=\u00a0\u00bbdefault\u00a0\u00bb][et_pb_social_media_follow_network social_network=\u00a0\u00bbinstagram\u00a0\u00bb url=\u00a0\u00bbhttps:\/\/www.instagram.com\/rockyourlife.schweiz\/\u00a0\u00bb _builder_version=\u00a0\u00bb4.5.7&Prime; _module_preset=\u00a0\u00bbdefault\u00a0\u00bb background_color=\u00a0\u00bb#ea2c59&Prime; follow_button=\u00a0\u00bboff\u00a0\u00bb url_new_window=\u00a0\u00bbon\u00a0\u00bb]instagram[\/et_pb_social_media_follow_network][et_pb_social_media_follow_network social_network=\u00a0\u00bbfacebook\u00a0\u00bb url=\u00a0\u00bbhttps:\/\/www.facebook.com\/rockyourlife.schweiz\u00a0\u00bb _builder_version=\u00a0\u00bb4.5.7&Prime; _module_preset=\u00a0\u00bbdefault\u00a0\u00bb background_color=\u00a0\u00bb#3b5998&Prime; follow_button=\u00a0\u00bboff\u00a0\u00bb url_new_window=\u00a0\u00bbon\u00a0\u00bb]facebook[\/et_pb_social_media_follow_network][et_pb_social_media_follow_network social_network=\u00a0\u00bblinkedin\u00a0\u00bb url=\u00a0\u00bbhttps:\/\/www.linkedin.com\/company\/rockyourlife-schweiz\u00a0\u00bb _builder_version=\u00a0\u00bb4.5.7&Prime; _module_preset=\u00a0\u00bbdefault\u00a0\u00bb background_color=\u00a0\u00bb#007bb6&Prime; follow_button=\u00a0\u00bboff\u00a0\u00bb url_new_window=\u00a0\u00bbon\u00a0\u00bb]linkedin[\/et_pb_social_media_follow_network][\/et_pb_social_media_follow][\/et_pb_column][\/et_pb_row][\/et_pb_section]<\/p>\n","protected":false},"excerpt":{"rendered":"<p>Une journ\u00e9e ensoleill\u00e9e remplie de rencontres inspirantes et d&rsquo;ateliers sur des th\u00e8matiques telles que: design your life, la communication non violente et les r\u00e9seaux sociaux. <\/p>\n","protected":false},"author":50,"featured_media":8241,"comment_status":"closed","ping_status":"closed","sticky":false,"template":"","format":"standard","meta":{"_et_pb_use_builder":"on","_et_pb_old_content":"","_et_gb_content_width":"","footnotes":""},"categories":[108,106,43],"tags":[82,127],"class_list":["post-7966","post","type-post","status-publish","format-standard","has-post-thumbnail","hentry","category-dans-les-coulisses","category-evenements","category-tous","tag-community-fr","tag-reseau"],"yoast_head":"<!-- This site is optimized with the Yoast SEO plugin v26.8 - https:\/\/yoast.com\/product\/yoast-seo-wordpress\/ -->\n<title>Aper\u00e7u de la rencontre de r\u00e9seau du 15.08.2020 - ROCK YOUR LIFE! Schweiz<\/title>\n<meta name=\"robots\" content=\"index, follow, max-snippet:-1, max-image-preview:large, max-video-preview:-1\" \/>\n<link rel=\"canonical\" href=\"https:\/\/schweiz.rockyourlife.org\/fr\/apercu-de-la-rencontre-de-reseau-du-15-08-2020\/\" \/>\n<meta property=\"og:locale\" content=\"fr_FR\" \/>\n<meta property=\"og:type\" content=\"article\" \/>\n<meta property=\"og:title\" content=\"Aper\u00e7u de la rencontre de r\u00e9seau du 15.08.2020 - ROCK YOUR LIFE! Schweiz\" \/>\n<meta property=\"og:description\" content=\"Une journ\u00e9e ensoleill\u00e9e remplie de rencontres inspirantes et d&#039;ateliers sur des th\u00e8matiques telles que: design your life, la communication non violente et les r\u00e9seaux sociaux.\" \/>\n<meta property=\"og:url\" content=\"https:\/\/schweiz.rockyourlife.org\/fr\/apercu-de-la-rencontre-de-reseau-du-15-08-2020\/\" \/>\n<meta property=\"og:site_name\" content=\"ROCK YOUR LIFE! Schweiz\" \/>\n<meta property=\"article:published_time\" content=\"2020-08-30T14:13:00+00:00\" \/>\n<meta property=\"article:modified_time\" content=\"2025-07-08T09:48:15+00:00\" \/>\n<meta property=\"og:image\" content=\"https:\/\/schweiz.rockyourlife.org\/wp-content\/uploads\/sites\/47\/2020\/09\/News_RYL_Mentoring-Potenzialentfaltung-Networking-00.jpg\" \/>\n\t<meta property=\"og:image:width\" content=\"1000\" \/>\n\t<meta property=\"og:image:height\" content=\"667\" \/>\n\t<meta property=\"og:image:type\" content=\"image\/jpeg\" \/>\n<meta name=\"author\" content=\"schweiz\" \/>\n<meta name=\"twitter:card\" content=\"summary_large_image\" \/>\n<meta name=\"twitter:creator\" content=\"@schweiz\" \/>\n<meta name=\"twitter:label1\" content=\"\u00c9crit par\" \/>\n\t<meta name=\"twitter:data1\" content=\"schweiz\" \/>\n\t<meta name=\"twitter:label2\" content=\"Dur\u00e9e de lecture estim\u00e9e\" \/>\n\t<meta name=\"twitter:data2\" content=\"3 minutes\" \/>\n<script type=\"application\/ld+json\" class=\"yoast-schema-graph\">{\"@context\":\"https:\/\/schema.org\",\"@graph\":[{\"@type\":\"Article\",\"@id\":\"https:\/\/schweiz.rockyourlife.org\/fr\/apercu-de-la-rencontre-de-reseau-du-15-08-2020\/#article\",\"isPartOf\":{\"@id\":\"https:\/\/schweiz.rockyourlife.org\/fr\/apercu-de-la-rencontre-de-reseau-du-15-08-2020\/\"},\"author\":{\"name\":\"schweiz\",\"@id\":\"https:\/\/schweiz.rockyourlife.org\/#\/schema\/person\/bf0bff0f0d612d3f7aab2e4232f3480f\"},\"headline\":\"Aper\u00e7u de la rencontre de r\u00e9seau du 15.08.2020\",\"datePublished\":\"2020-08-30T14:13:00+00:00\",\"dateModified\":\"2025-07-08T09:48:15+00:00\",\"mainEntityOfPage\":{\"@id\":\"https:\/\/schweiz.rockyourlife.org\/fr\/apercu-de-la-rencontre-de-reseau-du-15-08-2020\/\"},\"wordCount\":1070,\"image\":{\"@id\":\"https:\/\/schweiz.rockyourlife.org\/fr\/apercu-de-la-rencontre-de-reseau-du-15-08-2020\/#primaryimage\"},\"thumbnailUrl\":\"https:\/\/schweiz.rockyourlife.org\/wp-content\/uploads\/sites\/47\/2020\/09\/News_RYL_Mentoring-Potenzialentfaltung-Networking-00.jpg\",\"keywords\":[\"community\",\"R\u00e9seau\"],\"articleSection\":[\"Dans les coulisses\",\"\u00c9v\u00e9nements\",\"Tous\"],\"inLanguage\":\"fr-FR\"},{\"@type\":\"WebPage\",\"@id\":\"https:\/\/schweiz.rockyourlife.org\/fr\/apercu-de-la-rencontre-de-reseau-du-15-08-2020\/\",\"url\":\"https:\/\/schweiz.rockyourlife.org\/fr\/apercu-de-la-rencontre-de-reseau-du-15-08-2020\/\",\"name\":\"Aper\u00e7u de la rencontre de r\u00e9seau du 15.08.2020 - ROCK YOUR LIFE! Schweiz\",\"isPartOf\":{\"@id\":\"https:\/\/schweiz.rockyourlife.org\/#website\"},\"primaryImageOfPage\":{\"@id\":\"https:\/\/schweiz.rockyourlife.org\/fr\/apercu-de-la-rencontre-de-reseau-du-15-08-2020\/#primaryimage\"},\"image\":{\"@id\":\"https:\/\/schweiz.rockyourlife.org\/fr\/apercu-de-la-rencontre-de-reseau-du-15-08-2020\/#primaryimage\"},\"thumbnailUrl\":\"https:\/\/schweiz.rockyourlife.org\/wp-content\/uploads\/sites\/47\/2020\/09\/News_RYL_Mentoring-Potenzialentfaltung-Networking-00.jpg\",\"datePublished\":\"2020-08-30T14:13:00+00:00\",\"dateModified\":\"2025-07-08T09:48:15+00:00\",\"author\":{\"@id\":\"https:\/\/schweiz.rockyourlife.org\/#\/schema\/person\/bf0bff0f0d612d3f7aab2e4232f3480f\"},\"breadcrumb\":{\"@id\":\"https:\/\/schweiz.rockyourlife.org\/fr\/apercu-de-la-rencontre-de-reseau-du-15-08-2020\/#breadcrumb\"},\"inLanguage\":\"fr-FR\",\"potentialAction\":[{\"@type\":\"ReadAction\",\"target\":[\"https:\/\/schweiz.rockyourlife.org\/fr\/apercu-de-la-rencontre-de-reseau-du-15-08-2020\/\"]}]},{\"@type\":\"ImageObject\",\"inLanguage\":\"fr-FR\",\"@id\":\"https:\/\/schweiz.rockyourlife.org\/fr\/apercu-de-la-rencontre-de-reseau-du-15-08-2020\/#primaryimage\",\"url\":\"https:\/\/schweiz.rockyourlife.org\/wp-content\/uploads\/sites\/47\/2020\/09\/News_RYL_Mentoring-Potenzialentfaltung-Networking-00.jpg\",\"contentUrl\":\"https:\/\/schweiz.rockyourlife.org\/wp-content\/uploads\/sites\/47\/2020\/09\/News_RYL_Mentoring-Potenzialentfaltung-Networking-00.jpg\",\"width\":1000,\"height\":667},{\"@type\":\"BreadcrumbList\",\"@id\":\"https:\/\/schweiz.rockyourlife.org\/fr\/apercu-de-la-rencontre-de-reseau-du-15-08-2020\/#breadcrumb\",\"itemListElement\":[{\"@type\":\"ListItem\",\"position\":1,\"name\":\"Startseite\",\"item\":\"https:\/\/schweiz.rockyourlife.org\/fr\/accueil\/\"},{\"@type\":\"ListItem\",\"position\":2,\"name\":\"Aper\u00e7u de la rencontre de r\u00e9seau du 15.08.2020\"}]},{\"@type\":\"WebSite\",\"@id\":\"https:\/\/schweiz.rockyourlife.org\/#website\",\"url\":\"https:\/\/schweiz.rockyourlife.org\/\",\"name\":\"ROCK YOUR LIFE! Schweiz\",\"description\":\"Mentoring f\u00fcr Jugendliche\",\"potentialAction\":[{\"@type\":\"SearchAction\",\"target\":{\"@type\":\"EntryPoint\",\"urlTemplate\":\"https:\/\/schweiz.rockyourlife.org\/?s={search_term_string}\"},\"query-input\":{\"@type\":\"PropertyValueSpecification\",\"valueRequired\":true,\"valueName\":\"search_term_string\"}}],\"inLanguage\":\"fr-FR\"},{\"@type\":\"Person\",\"@id\":\"https:\/\/schweiz.rockyourlife.org\/#\/schema\/person\/bf0bff0f0d612d3f7aab2e4232f3480f\",\"name\":\"schweiz\",\"sameAs\":[\"https:\/\/x.com\/schweiz\"],\"url\":\"https:\/\/schweiz.rockyourlife.org\/fr\/author\/schweiz\/\"}]}<\/script>\n<!-- \/ Yoast SEO plugin. -->","yoast_head_json":{"title":"Aper\u00e7u de la rencontre de r\u00e9seau du 15.08.2020 - ROCK YOUR LIFE! Schweiz","robots":{"index":"index","follow":"follow","max-snippet":"max-snippet:-1","max-image-preview":"max-image-preview:large","max-video-preview":"max-video-preview:-1"},"canonical":"https:\/\/schweiz.rockyourlife.org\/fr\/apercu-de-la-rencontre-de-reseau-du-15-08-2020\/","og_locale":"fr_FR","og_type":"article","og_title":"Aper\u00e7u de la rencontre de r\u00e9seau du 15.08.2020 - ROCK YOUR LIFE! Schweiz","og_description":"Une journ\u00e9e ensoleill\u00e9e remplie de rencontres inspirantes et d'ateliers sur des th\u00e8matiques telles que: design your life, la communication non violente et les r\u00e9seaux sociaux.","og_url":"https:\/\/schweiz.rockyourlife.org\/fr\/apercu-de-la-rencontre-de-reseau-du-15-08-2020\/","og_site_name":"ROCK YOUR LIFE! Schweiz","article_published_time":"2020-08-30T14:13:00+00:00","article_modified_time":"2025-07-08T09:48:15+00:00","og_image":[{"width":1000,"height":667,"url":"https:\/\/schweiz.rockyourlife.org\/wp-content\/uploads\/sites\/47\/2020\/09\/News_RYL_Mentoring-Potenzialentfaltung-Networking-00.jpg","type":"image\/jpeg"}],"author":"schweiz","twitter_card":"summary_large_image","twitter_creator":"@schweiz","twitter_misc":{"\u00c9crit par":"schweiz","Dur\u00e9e de lecture estim\u00e9e":"3 minutes"},"schema":{"@context":"https:\/\/schema.org","@graph":[{"@type":"Article","@id":"https:\/\/schweiz.rockyourlife.org\/fr\/apercu-de-la-rencontre-de-reseau-du-15-08-2020\/#article","isPartOf":{"@id":"https:\/\/schweiz.rockyourlife.org\/fr\/apercu-de-la-rencontre-de-reseau-du-15-08-2020\/"},"author":{"name":"schweiz","@id":"https:\/\/schweiz.rockyourlife.org\/#\/schema\/person\/bf0bff0f0d612d3f7aab2e4232f3480f"},"headline":"Aper\u00e7u de la rencontre de r\u00e9seau du 15.08.2020","datePublished":"2020-08-30T14:13:00+00:00","dateModified":"2025-07-08T09:48:15+00:00","mainEntityOfPage":{"@id":"https:\/\/schweiz.rockyourlife.org\/fr\/apercu-de-la-rencontre-de-reseau-du-15-08-2020\/"},"wordCount":1070,"image":{"@id":"https:\/\/schweiz.rockyourlife.org\/fr\/apercu-de-la-rencontre-de-reseau-du-15-08-2020\/#primaryimage"},"thumbnailUrl":"https:\/\/schweiz.rockyourlife.org\/wp-content\/uploads\/sites\/47\/2020\/09\/News_RYL_Mentoring-Potenzialentfaltung-Networking-00.jpg","keywords":["community","R\u00e9seau"],"articleSection":["Dans les coulisses","\u00c9v\u00e9nements","Tous"],"inLanguage":"fr-FR"},{"@type":"WebPage","@id":"https:\/\/schweiz.rockyourlife.org\/fr\/apercu-de-la-rencontre-de-reseau-du-15-08-2020\/","url":"https:\/\/schweiz.rockyourlife.org\/fr\/apercu-de-la-rencontre-de-reseau-du-15-08-2020\/","name":"Aper\u00e7u de la rencontre de r\u00e9seau du 15.08.2020 - ROCK YOUR LIFE! Schweiz","isPartOf":{"@id":"https:\/\/schweiz.rockyourlife.org\/#website"},"primaryImageOfPage":{"@id":"https:\/\/schweiz.rockyourlife.org\/fr\/apercu-de-la-rencontre-de-reseau-du-15-08-2020\/#primaryimage"},"image":{"@id":"https:\/\/schweiz.rockyourlife.org\/fr\/apercu-de-la-rencontre-de-reseau-du-15-08-2020\/#primaryimage"},"thumbnailUrl":"https:\/\/schweiz.rockyourlife.org\/wp-content\/uploads\/sites\/47\/2020\/09\/News_RYL_Mentoring-Potenzialentfaltung-Networking-00.jpg","datePublished":"2020-08-30T14:13:00+00:00","dateModified":"2025-07-08T09:48:15+00:00","author":{"@id":"https:\/\/schweiz.rockyourlife.org\/#\/schema\/person\/bf0bff0f0d612d3f7aab2e4232f3480f"},"breadcrumb":{"@id":"https:\/\/schweiz.rockyourlife.org\/fr\/apercu-de-la-rencontre-de-reseau-du-15-08-2020\/#breadcrumb"},"inLanguage":"fr-FR","potentialAction":[{"@type":"ReadAction","target":["https:\/\/schweiz.rockyourlife.org\/fr\/apercu-de-la-rencontre-de-reseau-du-15-08-2020\/"]}]},{"@type":"ImageObject","inLanguage":"fr-FR","@id":"https:\/\/schweiz.rockyourlife.org\/fr\/apercu-de-la-rencontre-de-reseau-du-15-08-2020\/#primaryimage","url":"https:\/\/schweiz.rockyourlife.org\/wp-content\/uploads\/sites\/47\/2020\/09\/News_RYL_Mentoring-Potenzialentfaltung-Networking-00.jpg","contentUrl":"https:\/\/schweiz.rockyourlife.org\/wp-content\/uploads\/sites\/47\/2020\/09\/News_RYL_Mentoring-Potenzialentfaltung-Networking-00.jpg","width":1000,"height":667},{"@type":"BreadcrumbList","@id":"https:\/\/schweiz.rockyourlife.org\/fr\/apercu-de-la-rencontre-de-reseau-du-15-08-2020\/#breadcrumb","itemListElement":[{"@type":"ListItem","position":1,"name":"Startseite","item":"https:\/\/schweiz.rockyourlife.org\/fr\/accueil\/"},{"@type":"ListItem","position":2,"name":"Aper\u00e7u de la rencontre de r\u00e9seau du 15.08.2020"}]},{"@type":"WebSite","@id":"https:\/\/schweiz.rockyourlife.org\/#website","url":"https:\/\/schweiz.rockyourlife.org\/","name":"ROCK YOUR LIFE! Schweiz","description":"Mentoring f\u00fcr Jugendliche","potentialAction":[{"@type":"SearchAction","target":{"@type":"EntryPoint","urlTemplate":"https:\/\/schweiz.rockyourlife.org\/?s={search_term_string}"},"query-input":{"@type":"PropertyValueSpecification","valueRequired":true,"valueName":"search_term_string"}}],"inLanguage":"fr-FR"},{"@type":"Person","@id":"https:\/\/schweiz.rockyourlife.org\/#\/schema\/person\/bf0bff0f0d612d3f7aab2e4232f3480f","name":"schweiz","sameAs":["https:\/\/x.com\/schweiz"],"url":"https:\/\/schweiz.rockyourlife.org\/fr\/author\/schweiz\/"}]}},"_links":{"self":[{"href":"https:\/\/schweiz.rockyourlife.org\/fr\/wp-json\/wp\/v2\/posts\/7966","targetHints":{"allow":["GET"]}}],"collection":[{"href":"https:\/\/schweiz.rockyourlife.org\/fr\/wp-json\/wp\/v2\/posts"}],"about":[{"href":"https:\/\/schweiz.rockyourlife.org\/fr\/wp-json\/wp\/v2\/types\/post"}],"author":[{"embeddable":true,"href":"https:\/\/schweiz.rockyourlife.org\/fr\/wp-json\/wp\/v2\/users\/50"}],"replies":[{"embeddable":true,"href":"https:\/\/schweiz.rockyourlife.org\/fr\/wp-json\/wp\/v2\/comments?post=7966"}],"version-history":[{"count":12,"href":"https:\/\/schweiz.rockyourlife.org\/fr\/wp-json\/wp\/v2\/posts\/7966\/revisions"}],"predecessor-version":[{"id":18099,"href":"https:\/\/schweiz.rockyourlife.org\/fr\/wp-json\/wp\/v2\/posts\/7966\/revisions\/18099"}],"wp:featuredmedia":[{"embeddable":true,"href":"https:\/\/schweiz.rockyourlife.org\/fr\/wp-json\/wp\/v2\/media\/8241"}],"wp:attachment":[{"href":"https:\/\/schweiz.rockyourlife.org\/fr\/wp-json\/wp\/v2\/media?parent=7966"}],"wp:term":[{"taxonomy":"category","embeddable":true,"href":"https:\/\/schweiz.rockyourlife.org\/fr\/wp-json\/wp\/v2\/categories?post=7966"},{"taxonomy":"post_tag","embeddable":true,"href":"https:\/\/schweiz.rockyourlife.org\/fr\/wp-json\/wp\/v2\/tags?post=7966"}],"curies":[{"name":"wp","href":"https:\/\/api.w.org\/{rel}","templated":true}]}}