{"id":8024,"date":"2019-11-20T08:48:00","date_gmt":"2019-11-20T07:48:00","guid":{"rendered":"https:\/\/schweiz.rockyourlife.org\/rock-your-life-fete-les-30-ans-des-droits-de-lenfant\/"},"modified":"2025-07-08T11:14:56","modified_gmt":"2025-07-08T09:14:56","slug":"rock-your-life-fete-les-30-ans-des-droits-de-lenfant","status":"publish","type":"post","link":"https:\/\/schweiz.rockyourlife.org\/fr\/rock-your-life-fete-les-30-ans-des-droits-de-lenfant\/","title":{"rendered":"ROCK YOUR LIFE! f\u00eate les 30 ans des Droits de l&rsquo;enfant"},"content":{"rendered":"<p>[et_pb_section fb_built=\u00a0\u00bb1&Prime; _builder_version=\u00a0\u00bb3.22&Prime; custom_padding=\u00a0\u00bb0px|||||\u00a0\u00bb][et_pb_row _builder_version=\u00a0\u00bb3.25&Prime; background_size=\u00a0\u00bbinitial\u00a0\u00bb background_position=\u00a0\u00bbtop_left\u00a0\u00bb background_repeat=\u00a0\u00bbrepeat\u00a0\u00bb custom_padding=\u00a0\u00bb2px|||||\u00a0\u00bb][et_pb_column type=\u00a0\u00bb4_4&Prime; _builder_version=\u00a0\u00bb3.25&Prime; custom_padding=\u00a0\u00bb|||\u00a0\u00bb custom_padding__hover=\u00a0\u00bb|||\u00a0\u00bb][et_pb_text _builder_version=\u00a0\u00bb4.0.6&Prime; background_size=\u00a0\u00bbinitial\u00a0\u00bb background_position=\u00a0\u00bbtop_left\u00a0\u00bb background_repeat=\u00a0\u00bbrepeat\u00a0\u00bb hover_enabled=\u00a0\u00bb0&Prime;]<!-- divi:html --><\/p>\n<p><strong>30 ans des Droits de l&rsquo;enfant : c&rsquo;est la f\u00eate ! Le mentorat de ROCK YOUR LIFE!<\/strong><strong>organise un poste sur le principe fondamental de la non-discrimination.<\/strong><strong><\/strong><\/p>\n<p>Le 20 novembre, nous avons c\u00e9l\u00e9br\u00e9 la Journ\u00e9e internationale des droits de l&rsquo;enfant et le 30e anniversaire de la Convention des Nations Unies relative aux Droits de l&rsquo;enfant. A cette occasion, ROCK YOUR LIFE! a particip\u00e9 \u00e0 une course avec diff\u00e9rents postes dans la ville de Berne et a organis\u00e9 un atelier <strong>pour les enfants et les jeunes sur le th\u00e8me de la non-discrimination et de l&rsquo;\u00e9galit\u00e9 des chances<\/strong>. Dynamisme et bonne humeur \u00e9taient au programme !<\/p>\n<p><img loading=\"lazy\" decoding=\"async\" src=\"https:\/\/schweiz.rockyourlife.org\/wp-content\/uploads\/sites\/47\/2019\/11\/News-RYL_30-Jahre-Kinderrechte_003.jpg\" alt=\"Le mentorat RYL! et 30 ans de Droits de l'enfant\" class=\"wp-image-2995 alignnone size-full\" width=\"1080\" height=\"665\" srcset=\"https:\/\/schweiz.rockyourlife.org\/wp-content\/uploads\/sites\/47\/2019\/11\/News-RYL_30-Jahre-Kinderrechte_003.jpg 1080w, https:\/\/schweiz.rockyourlife.org\/wp-content\/uploads\/sites\/47\/2019\/11\/News-RYL_30-Jahre-Kinderrechte_003-980x603.jpg 980w, https:\/\/schweiz.rockyourlife.org\/wp-content\/uploads\/sites\/47\/2019\/11\/News-RYL_30-Jahre-Kinderrechte_003-480x296.jpg 480w\" sizes=\"(min-width: 0px) and (max-width: 480px) 480px, (min-width: 481px) and (max-width: 980px) 980px, (min-width: 981px) 1080px, 100vw\" \/><\/p>\n<p><strong>Berne \u00e9tait en pleine effervescence.<\/strong> Des activit\u00e9s \u00e9taient organis\u00e9es aux quatre coins de la ville, des groupes d&rsquo;enfants d\u00e9ambulaient joyeusement dans les rues et, malgr\u00e9 le froid hivernal, le sourire se lisait sur tous les visages. A l&rsquo;occasion du <a href=\"https:\/\/www.30jahrekinderrechte.ch\/\" target=\"_blank\" rel=\"noopener noreferrer\" title=\"30\u00e8me anniversaire de la Convention relative aux Droits de l'enfant\">30e anniversaire de la Convention relative aux Droits de l&rsquo;enfant<\/a>, un ensemble de grandes organisations de d\u00e9fense des droits de l&rsquo;enfant &#8211; le Comit\u00e9 pour l&rsquo;<a href=\"https:\/\/www.unicef.ch\/de\" target=\"_blank\" rel=\"noopener noreferrer\" title=\"UNICEF\">UNICEF<\/a> Suisse et Liechtenstein, <a href=\"https:\/\/www.projuventute.ch\/\" target=\"_blank\" rel=\"noopener noreferrer\" title=\"Pro Juventute\">Pro Juventute<\/a>, <a href=\"https:\/\/www.kinderschutz.ch\/de\/\" target=\"_blank\" rel=\"noopener noreferrer\" title=\"Association Suisse pour la Protection de l'Enfant\">l&rsquo;Association suisse pour la protection de l&rsquo;enfant<\/a> et la <a href=\"https:\/\/www.pestalozzi.ch\/de\" target=\"_blank\" rel=\"noopener noreferrer\" title=\"Stiftung Kinderdorf Pestalozzi\"> Stiftung Kinderdorf Pestalozzi<\/a> &#8211; ont co-jointement organis\u00e9 une journ\u00e9e qui restera inoubliable.<\/p>\n<p><strong>Parcours avec ateliers sur les droits de l&rsquo;enfant le matin, concerts l&rsquo;apr\u00e8s-midi.<br \/> <\/strong>Les enfants ont pu r\u00e9fl\u00e9chir \u00e0 la Convention et faire entendre leur voix. Plus de 850 d&rsquo;entre eux \u00e9taient pr\u00e9sents sur la Place F\u00e9d\u00e9rale pour c\u00e9l\u00e9brer cette journ\u00e9e importante et faire valoir leurs Droits.<\/p>\n<p><strong>Dans ce joyeux contexte, ROCK YOUR LIFE! a organis\u00e9 un poste sur le parcours de la course.<br \/> <\/strong>Les jeunes ont pu r\u00e9fl\u00e9chir aux principes fondamentaux de la non-discrimination et de l&rsquo;\u00e9galit\u00e9 des chances en relevant quelques d\u00e9fis en \u00e9quipe. Munis de crayons, de loupes ou de livres d&rsquo;orientation, ils ont pu discuter et exp\u00e9rimenter des th\u00e8mes tels que l&rsquo;injustice, le partage, l&rsquo;entraide et l&rsquo;\u00e9galit\u00e9 des chances. Un grand merci aux 130 enfants qui ont particip\u00e9 toute la matin\u00e9e aux diff\u00e9rents ateliers avec leur \u00e9nergie, leur enthousiasme et leurs bonnes id\u00e9es.<\/p>\n<p><img loading=\"lazy\" decoding=\"async\" src=\"https:\/\/schweiz.rockyourlife.org\/wp-content\/uploads\/sites\/47\/2019\/11\/News-RYL_30-Jahre-Kinderrechte_002.jpg\" alt=\"Le mentorat RYL! et 30 ans de Droits de l'enfant\" class=\"wp-image-2994 alignnone size-full\" width=\"1080\" height=\"665\" srcset=\"https:\/\/schweiz.rockyourlife.org\/wp-content\/uploads\/sites\/47\/2019\/11\/News-RYL_30-Jahre-Kinderrechte_002.jpg 1080w, https:\/\/schweiz.rockyourlife.org\/wp-content\/uploads\/sites\/47\/2019\/11\/News-RYL_30-Jahre-Kinderrechte_002-980x603.jpg 980w, https:\/\/schweiz.rockyourlife.org\/wp-content\/uploads\/sites\/47\/2019\/11\/News-RYL_30-Jahre-Kinderrechte_002-480x296.jpg 480w\" sizes=\"(min-width: 0px) and (max-width: 480px) 480px, (min-width: 481px) and (max-width: 980px) 980px, (min-width: 981px) 1080px, 100vw\" \/><\/p>\n<p><strong>Gr\u00e2ce \u00e0 la Convention des Nations Unies relative aux Droits de l&rsquo;enfant, des progr\u00e8s tr\u00e8s importants ont \u00e9t\u00e9 r\u00e9alis\u00e9s dans de nombreux domaines, notamment dans celui de l&rsquo;\u00e9ducation.<br \/> <\/strong>Afin de garantir l&rsquo;\u00e9galit\u00e9 des chances, il est toutefois important de continuer \u00e0 faire tout ce qui est en notre pouvoir pour garantir que les enfants et les jeunes aient un acc\u00e8s \u00e9gal \u00e0 une \u00e9ducation appropri\u00e9e, qu&rsquo;elles\u00b7ils re\u00e7oivent le soutien n\u00e9cessaire et<br \/> que chaque enfant puisse progresser sur son propre chemin.<\/p>\n<p><!-- \/divi:html -->[\/et_pb_text][\/et_pb_column][\/et_pb_row][\/et_pb_section]<\/p>\n","protected":false},"excerpt":{"rendered":"<p>Le 20 novembre, nous avons c\u00e9l\u00e9br\u00e9 la Journ\u00e9e internationale des droits de l&rsquo;enfant et le 30e anniversaire de la Convention des Nations Unies relative aux Droits de<br \/>\nl&rsquo;enfant.<\/p>\n","protected":false},"author":50,"featured_media":8257,"comment_status":"closed","ping_status":"closed","sticky":false,"template":"","format":"standard","meta":{"_et_pb_use_builder":"on","_et_pb_old_content":"","_et_gb_content_width":"","footnotes":""},"categories":[45,43],"tags":[64],"class_list":["post-8024","post","type-post","status-publish","format-standard","has-post-thumbnail","hentry","category-news-fr","category-tous","tag-droits-de-lenfant"],"yoast_head":"<!-- This site is optimized with the Yoast SEO plugin v26.8 - https:\/\/yoast.com\/product\/yoast-seo-wordpress\/ -->\n<title>ROCK YOUR LIFE! f\u00eate les 30 ans des Droits de l&#039;enfant - ROCK YOUR LIFE! Schweiz<\/title>\n<meta name=\"description\" content=\"Le 20 novembre, nous avons c\u00e9l\u00e9br\u00e9 la Journ\u00e9e internationale des Droits de l&#039;enfant et le 30e anniversaire de la Convention des Nations Unies relative aux Droits de l&#039;enfant. \u00c0 cette occasion, ROCK YOUR LIFE! a organis\u00e9 un parcours pour les enfants et les jeunes sur le th\u00e8me de la non-discrimination et de l&#039;\u00e9galit\u00e9 des chances.\" \/>\n<meta name=\"robots\" content=\"index, follow, max-snippet:-1, max-image-preview:large, max-video-preview:-1\" \/>\n<link rel=\"canonical\" href=\"https:\/\/schweiz.rockyourlife.org\/fr\/rock-your-life-fete-les-30-ans-des-droits-de-lenfant\/\" \/>\n<meta property=\"og:locale\" content=\"fr_FR\" \/>\n<meta property=\"og:type\" content=\"article\" \/>\n<meta property=\"og:title\" content=\"ROCK YOUR LIFE! f\u00eate les 30 ans des Droits de l&#039;enfant - ROCK YOUR LIFE! Schweiz\" \/>\n<meta property=\"og:description\" content=\"Le 20 novembre, nous avons c\u00e9l\u00e9br\u00e9 la Journ\u00e9e internationale des Droits de l&#039;enfant et le 30e anniversaire de la Convention des Nations Unies relative aux Droits de l&#039;enfant. \u00c0 cette occasion, ROCK YOUR LIFE! a organis\u00e9 un parcours pour les enfants et les jeunes sur le th\u00e8me de la non-discrimination et de l&#039;\u00e9galit\u00e9 des chances.\" \/>\n<meta property=\"og:url\" content=\"https:\/\/schweiz.rockyourlife.org\/fr\/rock-your-life-fete-les-30-ans-des-droits-de-lenfant\/\" \/>\n<meta property=\"og:site_name\" content=\"ROCK YOUR LIFE! Schweiz\" \/>\n<meta property=\"article:published_time\" content=\"2019-11-20T07:48:00+00:00\" \/>\n<meta property=\"article:modified_time\" content=\"2025-07-08T09:14:56+00:00\" \/>\n<meta property=\"og:image\" content=\"https:\/\/schweiz.rockyourlife.org\/wp-content\/uploads\/sites\/47\/2019\/11\/News-RYL_30-Jahre-Kinderrechte_001.jpg\" \/>\n\t<meta property=\"og:image:width\" content=\"1080\" \/>\n\t<meta property=\"og:image:height\" content=\"665\" \/>\n\t<meta property=\"og:image:type\" content=\"image\/jpeg\" \/>\n<meta name=\"author\" content=\"schweiz\" \/>\n<meta name=\"twitter:card\" content=\"summary_large_image\" \/>\n<meta name=\"twitter:creator\" content=\"@schweiz\" \/>\n<meta name=\"twitter:label1\" content=\"\u00c9crit par\" \/>\n\t<meta name=\"twitter:data1\" content=\"schweiz\" \/>\n\t<meta name=\"twitter:label2\" content=\"Dur\u00e9e de lecture estim\u00e9e\" \/>\n\t<meta name=\"twitter:data2\" content=\"3 minutes\" \/>\n<script type=\"application\/ld+json\" class=\"yoast-schema-graph\">{\"@context\":\"https:\/\/schema.org\",\"@graph\":[{\"@type\":\"Article\",\"@id\":\"https:\/\/schweiz.rockyourlife.org\/fr\/rock-your-life-fete-les-30-ans-des-droits-de-lenfant\/#article\",\"isPartOf\":{\"@id\":\"https:\/\/schweiz.rockyourlife.org\/fr\/rock-your-life-fete-les-30-ans-des-droits-de-lenfant\/\"},\"author\":{\"name\":\"schweiz\",\"@id\":\"https:\/\/schweiz.rockyourlife.org\/#\/schema\/person\/bf0bff0f0d612d3f7aab2e4232f3480f\"},\"headline\":\"ROCK YOUR LIFE! f\u00eate les 30 ans des Droits de l&rsquo;enfant\",\"datePublished\":\"2019-11-20T07:48:00+00:00\",\"dateModified\":\"2025-07-08T09:14:56+00:00\",\"mainEntityOfPage\":{\"@id\":\"https:\/\/schweiz.rockyourlife.org\/fr\/rock-your-life-fete-les-30-ans-des-droits-de-lenfant\/\"},\"wordCount\":521,\"image\":{\"@id\":\"https:\/\/schweiz.rockyourlife.org\/fr\/rock-your-life-fete-les-30-ans-des-droits-de-lenfant\/#primaryimage\"},\"thumbnailUrl\":\"https:\/\/schweiz.rockyourlife.org\/wp-content\/uploads\/sites\/47\/2019\/11\/News-RYL_30-Jahre-Kinderrechte_001.jpg\",\"keywords\":[\"Droits de l&#039;enfant\"],\"articleSection\":[\"News\",\"Tous\"],\"inLanguage\":\"fr-FR\"},{\"@type\":\"WebPage\",\"@id\":\"https:\/\/schweiz.rockyourlife.org\/fr\/rock-your-life-fete-les-30-ans-des-droits-de-lenfant\/\",\"url\":\"https:\/\/schweiz.rockyourlife.org\/fr\/rock-your-life-fete-les-30-ans-des-droits-de-lenfant\/\",\"name\":\"ROCK YOUR LIFE! f\u00eate les 30 ans des Droits de l'enfant - ROCK YOUR LIFE! Schweiz\",\"isPartOf\":{\"@id\":\"https:\/\/schweiz.rockyourlife.org\/#website\"},\"primaryImageOfPage\":{\"@id\":\"https:\/\/schweiz.rockyourlife.org\/fr\/rock-your-life-fete-les-30-ans-des-droits-de-lenfant\/#primaryimage\"},\"image\":{\"@id\":\"https:\/\/schweiz.rockyourlife.org\/fr\/rock-your-life-fete-les-30-ans-des-droits-de-lenfant\/#primaryimage\"},\"thumbnailUrl\":\"https:\/\/schweiz.rockyourlife.org\/wp-content\/uploads\/sites\/47\/2019\/11\/News-RYL_30-Jahre-Kinderrechte_001.jpg\",\"datePublished\":\"2019-11-20T07:48:00+00:00\",\"dateModified\":\"2025-07-08T09:14:56+00:00\",\"author\":{\"@id\":\"https:\/\/schweiz.rockyourlife.org\/#\/schema\/person\/bf0bff0f0d612d3f7aab2e4232f3480f\"},\"description\":\"Le 20 novembre, nous avons c\u00e9l\u00e9br\u00e9 la Journ\u00e9e internationale des Droits de l'enfant et le 30e anniversaire de la Convention des Nations Unies relative aux Droits de l'enfant. \u00c0 cette occasion, ROCK YOUR LIFE! a organis\u00e9 un parcours pour les enfants et les jeunes sur le th\u00e8me de la non-discrimination et de l'\u00e9galit\u00e9 des chances.\",\"breadcrumb\":{\"@id\":\"https:\/\/schweiz.rockyourlife.org\/fr\/rock-your-life-fete-les-30-ans-des-droits-de-lenfant\/#breadcrumb\"},\"inLanguage\":\"fr-FR\",\"potentialAction\":[{\"@type\":\"ReadAction\",\"target\":[\"https:\/\/schweiz.rockyourlife.org\/fr\/rock-your-life-fete-les-30-ans-des-droits-de-lenfant\/\"]}]},{\"@type\":\"ImageObject\",\"inLanguage\":\"fr-FR\",\"@id\":\"https:\/\/schweiz.rockyourlife.org\/fr\/rock-your-life-fete-les-30-ans-des-droits-de-lenfant\/#primaryimage\",\"url\":\"https:\/\/schweiz.rockyourlife.org\/wp-content\/uploads\/sites\/47\/2019\/11\/News-RYL_30-Jahre-Kinderrechte_001.jpg\",\"contentUrl\":\"https:\/\/schweiz.rockyourlife.org\/wp-content\/uploads\/sites\/47\/2019\/11\/News-RYL_30-Jahre-Kinderrechte_001.jpg\",\"width\":1080,\"height\":665},{\"@type\":\"BreadcrumbList\",\"@id\":\"https:\/\/schweiz.rockyourlife.org\/fr\/rock-your-life-fete-les-30-ans-des-droits-de-lenfant\/#breadcrumb\",\"itemListElement\":[{\"@type\":\"ListItem\",\"position\":1,\"name\":\"Startseite\",\"item\":\"https:\/\/schweiz.rockyourlife.org\/fr\/accueil\/\"},{\"@type\":\"ListItem\",\"position\":2,\"name\":\"ROCK YOUR LIFE! f\u00eate les 30 ans des Droits de l&rsquo;enfant\"}]},{\"@type\":\"WebSite\",\"@id\":\"https:\/\/schweiz.rockyourlife.org\/#website\",\"url\":\"https:\/\/schweiz.rockyourlife.org\/\",\"name\":\"ROCK YOUR LIFE! Schweiz\",\"description\":\"Mentoring f\u00fcr Jugendliche\",\"potentialAction\":[{\"@type\":\"SearchAction\",\"target\":{\"@type\":\"EntryPoint\",\"urlTemplate\":\"https:\/\/schweiz.rockyourlife.org\/?s={search_term_string}\"},\"query-input\":{\"@type\":\"PropertyValueSpecification\",\"valueRequired\":true,\"valueName\":\"search_term_string\"}}],\"inLanguage\":\"fr-FR\"},{\"@type\":\"Person\",\"@id\":\"https:\/\/schweiz.rockyourlife.org\/#\/schema\/person\/bf0bff0f0d612d3f7aab2e4232f3480f\",\"name\":\"schweiz\",\"sameAs\":[\"https:\/\/x.com\/schweiz\"],\"url\":\"https:\/\/schweiz.rockyourlife.org\/fr\/author\/schweiz\/\"}]}<\/script>\n<!-- \/ Yoast SEO plugin. -->","yoast_head_json":{"title":"ROCK YOUR LIFE! f\u00eate les 30 ans des Droits de l'enfant - ROCK YOUR LIFE! Schweiz","description":"Le 20 novembre, nous avons c\u00e9l\u00e9br\u00e9 la Journ\u00e9e internationale des Droits de l'enfant et le 30e anniversaire de la Convention des Nations Unies relative aux Droits de l'enfant. \u00c0 cette occasion, ROCK YOUR LIFE! a organis\u00e9 un parcours pour les enfants et les jeunes sur le th\u00e8me de la non-discrimination et de l'\u00e9galit\u00e9 des chances.","robots":{"index":"index","follow":"follow","max-snippet":"max-snippet:-1","max-image-preview":"max-image-preview:large","max-video-preview":"max-video-preview:-1"},"canonical":"https:\/\/schweiz.rockyourlife.org\/fr\/rock-your-life-fete-les-30-ans-des-droits-de-lenfant\/","og_locale":"fr_FR","og_type":"article","og_title":"ROCK YOUR LIFE! f\u00eate les 30 ans des Droits de l'enfant - ROCK YOUR LIFE! Schweiz","og_description":"Le 20 novembre, nous avons c\u00e9l\u00e9br\u00e9 la Journ\u00e9e internationale des Droits de l'enfant et le 30e anniversaire de la Convention des Nations Unies relative aux Droits de l'enfant. \u00c0 cette occasion, ROCK YOUR LIFE! a organis\u00e9 un parcours pour les enfants et les jeunes sur le th\u00e8me de la non-discrimination et de l'\u00e9galit\u00e9 des chances.","og_url":"https:\/\/schweiz.rockyourlife.org\/fr\/rock-your-life-fete-les-30-ans-des-droits-de-lenfant\/","og_site_name":"ROCK YOUR LIFE! Schweiz","article_published_time":"2019-11-20T07:48:00+00:00","article_modified_time":"2025-07-08T09:14:56+00:00","og_image":[{"width":1080,"height":665,"url":"https:\/\/schweiz.rockyourlife.org\/wp-content\/uploads\/sites\/47\/2019\/11\/News-RYL_30-Jahre-Kinderrechte_001.jpg","type":"image\/jpeg"}],"author":"schweiz","twitter_card":"summary_large_image","twitter_creator":"@schweiz","twitter_misc":{"\u00c9crit par":"schweiz","Dur\u00e9e de lecture estim\u00e9e":"3 minutes"},"schema":{"@context":"https:\/\/schema.org","@graph":[{"@type":"Article","@id":"https:\/\/schweiz.rockyourlife.org\/fr\/rock-your-life-fete-les-30-ans-des-droits-de-lenfant\/#article","isPartOf":{"@id":"https:\/\/schweiz.rockyourlife.org\/fr\/rock-your-life-fete-les-30-ans-des-droits-de-lenfant\/"},"author":{"name":"schweiz","@id":"https:\/\/schweiz.rockyourlife.org\/#\/schema\/person\/bf0bff0f0d612d3f7aab2e4232f3480f"},"headline":"ROCK YOUR LIFE! f\u00eate les 30 ans des Droits de l&rsquo;enfant","datePublished":"2019-11-20T07:48:00+00:00","dateModified":"2025-07-08T09:14:56+00:00","mainEntityOfPage":{"@id":"https:\/\/schweiz.rockyourlife.org\/fr\/rock-your-life-fete-les-30-ans-des-droits-de-lenfant\/"},"wordCount":521,"image":{"@id":"https:\/\/schweiz.rockyourlife.org\/fr\/rock-your-life-fete-les-30-ans-des-droits-de-lenfant\/#primaryimage"},"thumbnailUrl":"https:\/\/schweiz.rockyourlife.org\/wp-content\/uploads\/sites\/47\/2019\/11\/News-RYL_30-Jahre-Kinderrechte_001.jpg","keywords":["Droits de l&#039;enfant"],"articleSection":["News","Tous"],"inLanguage":"fr-FR"},{"@type":"WebPage","@id":"https:\/\/schweiz.rockyourlife.org\/fr\/rock-your-life-fete-les-30-ans-des-droits-de-lenfant\/","url":"https:\/\/schweiz.rockyourlife.org\/fr\/rock-your-life-fete-les-30-ans-des-droits-de-lenfant\/","name":"ROCK YOUR LIFE! f\u00eate les 30 ans des Droits de l'enfant - ROCK YOUR LIFE! Schweiz","isPartOf":{"@id":"https:\/\/schweiz.rockyourlife.org\/#website"},"primaryImageOfPage":{"@id":"https:\/\/schweiz.rockyourlife.org\/fr\/rock-your-life-fete-les-30-ans-des-droits-de-lenfant\/#primaryimage"},"image":{"@id":"https:\/\/schweiz.rockyourlife.org\/fr\/rock-your-life-fete-les-30-ans-des-droits-de-lenfant\/#primaryimage"},"thumbnailUrl":"https:\/\/schweiz.rockyourlife.org\/wp-content\/uploads\/sites\/47\/2019\/11\/News-RYL_30-Jahre-Kinderrechte_001.jpg","datePublished":"2019-11-20T07:48:00+00:00","dateModified":"2025-07-08T09:14:56+00:00","author":{"@id":"https:\/\/schweiz.rockyourlife.org\/#\/schema\/person\/bf0bff0f0d612d3f7aab2e4232f3480f"},"description":"Le 20 novembre, nous avons c\u00e9l\u00e9br\u00e9 la Journ\u00e9e internationale des Droits de l'enfant et le 30e anniversaire de la Convention des Nations Unies relative aux Droits de l'enfant. \u00c0 cette occasion, ROCK YOUR LIFE! a organis\u00e9 un parcours pour les enfants et les jeunes sur le th\u00e8me de la non-discrimination et de l'\u00e9galit\u00e9 des chances.","breadcrumb":{"@id":"https:\/\/schweiz.rockyourlife.org\/fr\/rock-your-life-fete-les-30-ans-des-droits-de-lenfant\/#breadcrumb"},"inLanguage":"fr-FR","potentialAction":[{"@type":"ReadAction","target":["https:\/\/schweiz.rockyourlife.org\/fr\/rock-your-life-fete-les-30-ans-des-droits-de-lenfant\/"]}]},{"@type":"ImageObject","inLanguage":"fr-FR","@id":"https:\/\/schweiz.rockyourlife.org\/fr\/rock-your-life-fete-les-30-ans-des-droits-de-lenfant\/#primaryimage","url":"https:\/\/schweiz.rockyourlife.org\/wp-content\/uploads\/sites\/47\/2019\/11\/News-RYL_30-Jahre-Kinderrechte_001.jpg","contentUrl":"https:\/\/schweiz.rockyourlife.org\/wp-content\/uploads\/sites\/47\/2019\/11\/News-RYL_30-Jahre-Kinderrechte_001.jpg","width":1080,"height":665},{"@type":"BreadcrumbList","@id":"https:\/\/schweiz.rockyourlife.org\/fr\/rock-your-life-fete-les-30-ans-des-droits-de-lenfant\/#breadcrumb","itemListElement":[{"@type":"ListItem","position":1,"name":"Startseite","item":"https:\/\/schweiz.rockyourlife.org\/fr\/accueil\/"},{"@type":"ListItem","position":2,"name":"ROCK YOUR LIFE! f\u00eate les 30 ans des Droits de l&rsquo;enfant"}]},{"@type":"WebSite","@id":"https:\/\/schweiz.rockyourlife.org\/#website","url":"https:\/\/schweiz.rockyourlife.org\/","name":"ROCK YOUR LIFE! Schweiz","description":"Mentoring f\u00fcr Jugendliche","potentialAction":[{"@type":"SearchAction","target":{"@type":"EntryPoint","urlTemplate":"https:\/\/schweiz.rockyourlife.org\/?s={search_term_string}"},"query-input":{"@type":"PropertyValueSpecification","valueRequired":true,"valueName":"search_term_string"}}],"inLanguage":"fr-FR"},{"@type":"Person","@id":"https:\/\/schweiz.rockyourlife.org\/#\/schema\/person\/bf0bff0f0d612d3f7aab2e4232f3480f","name":"schweiz","sameAs":["https:\/\/x.com\/schweiz"],"url":"https:\/\/schweiz.rockyourlife.org\/fr\/author\/schweiz\/"}]}},"_links":{"self":[{"href":"https:\/\/schweiz.rockyourlife.org\/fr\/wp-json\/wp\/v2\/posts\/8024","targetHints":{"allow":["GET"]}}],"collection":[{"href":"https:\/\/schweiz.rockyourlife.org\/fr\/wp-json\/wp\/v2\/posts"}],"about":[{"href":"https:\/\/schweiz.rockyourlife.org\/fr\/wp-json\/wp\/v2\/types\/post"}],"author":[{"embeddable":true,"href":"https:\/\/schweiz.rockyourlife.org\/fr\/wp-json\/wp\/v2\/users\/50"}],"replies":[{"embeddable":true,"href":"https:\/\/schweiz.rockyourlife.org\/fr\/wp-json\/wp\/v2\/comments?post=8024"}],"version-history":[{"count":6,"href":"https:\/\/schweiz.rockyourlife.org\/fr\/wp-json\/wp\/v2\/posts\/8024\/revisions"}],"predecessor-version":[{"id":18072,"href":"https:\/\/schweiz.rockyourlife.org\/fr\/wp-json\/wp\/v2\/posts\/8024\/revisions\/18072"}],"wp:featuredmedia":[{"embeddable":true,"href":"https:\/\/schweiz.rockyourlife.org\/fr\/wp-json\/wp\/v2\/media\/8257"}],"wp:attachment":[{"href":"https:\/\/schweiz.rockyourlife.org\/fr\/wp-json\/wp\/v2\/media?parent=8024"}],"wp:term":[{"taxonomy":"category","embeddable":true,"href":"https:\/\/schweiz.rockyourlife.org\/fr\/wp-json\/wp\/v2\/categories?post=8024"},{"taxonomy":"post_tag","embeddable":true,"href":"https:\/\/schweiz.rockyourlife.org\/fr\/wp-json\/wp\/v2\/tags?post=8024"}],"curies":[{"name":"wp","href":"https:\/\/api.w.org\/{rel}","templated":true}]}}