{"id":8061,"date":"2019-04-03T12:00:00","date_gmt":"2019-04-03T10:00:00","guid":{"rendered":"https:\/\/schweiz.rockyourlife.org\/rock-your-life-la-discussion-renforce-la-cooperation\/"},"modified":"2025-07-08T10:47:19","modified_gmt":"2025-07-08T08:47:19","slug":"rock-your-life-la-discussion-renforce-la-cooperation","status":"publish","type":"post","link":"https:\/\/schweiz.rockyourlife.org\/fr\/rock-your-life-la-discussion-renforce-la-cooperation\/","title":{"rendered":"ROCK YOUR LIFE! &#8211; La discussion renforce la coop\u00e9ration"},"content":{"rendered":"<p>[et_pb_section fb_built=\u00a0\u00bb1&Prime; _builder_version=\u00a0\u00bb3.22.3&Prime;][et_pb_row _builder_version=\u00a0\u00bb3.25&Prime;][et_pb_column type=\u00a0\u00bb4_4&Prime; _builder_version=\u00a0\u00bb3.25&Prime; custom_padding=\u00a0\u00bb|||\u00a0\u00bb custom_padding__hover=\u00a0\u00bb|||\u00a0\u00bb][et_pb_text _builder_version=\u00a0\u00bb3.26.6&Prime;]<\/p>\n<p><strong>Paulin B\u00f6hme<\/strong>, 21 ans, est \u00e9tudiante en quatri\u00e8me ann\u00e9e de psychologie \u00e0 l&rsquo;Universit\u00e9 de B\u00e2le. Elle est originaire de Berlin et vit d\u00e9sormais \u00e0 B\u00e2le dans une colocation. Pendant son temps libre, elle aime se promener et a r\u00e9cemment d\u00e9couvert le kickboxing. Elle est d\u00e9crite par sa mentee comme une personne digne de confiance, honn\u00eate et serviable.<br \/> <strong>Sadhbh O&rsquo;Sullivan<\/strong> (prononcer Sa-iv) a 14 ans, est originaire d&rsquo;Irlande et vit \u00e0 Reinach. Elle y suit la 9e ann\u00e9e et va bient\u00f4t d\u00e9buter le lyc\u00e9e. Plus tard, elle aimerait faire des \u00e9tudes de m\u00e9decine et travailler pour \u00ab\u00a0M\u00e9decins sans fronti\u00e8res\u00a0\u00bb. Sa mentore la d\u00e9crit comme une jeune d\u00e9termin\u00e9e, chaleureuse et attentive.<\/p>\n<p>Paulin et Sadhbh se sont rencontr\u00e9es en novembre 2017 \u00e0 ROCK YOUR LIFE! B\u00e2le et ont particip\u00e9 ensemble au programme de mentorat de RYL!. Elles nous expliquent en quelques mots ce qu&rsquo;est le programme de mentorat de de ROCK YOUR LIFE! et nous renseignent sur ses \u00e9tapes cl\u00e9s.<\/p>\n<p>&nbsp;<\/p>\n<p><strong>Sadhbh, comment as-tu entendu parler de ROCK YOUR LIFE! B\u00e2le ?<\/strong><br \/> Sadhbh : Dans ma classe, c&rsquo;est d&rsquo;abord l&rsquo;enseignante qui a pr\u00e9sent\u00e9 le programme de ROCK YOUR LIFE!. Environ une semaine plus tard, les \u00e9l\u00e8ves int\u00e9ress\u00e9\u00b7e\u00b7s ont rencontr\u00e9 les responsables de ROCK YOUR LIFE! B\u00e2le. Lors de cette r\u00e9union, j&rsquo;ai re\u00e7u des informations encore plus pr\u00e9cises sur l&rsquo;ensemble du programme et j&rsquo;ai pu m&rsquo;inscrire. C&rsquo;\u00e9tait tr\u00e8s simple. Cette pr\u00e9sentation a \u00e9veill\u00e9 ma curiosit\u00e9 et je savais que ma famille n&rsquo;allait pas pouvoir m&rsquo;aider sur tous les points.<\/p>\n<p><strong>Paulin, as-tu entendu parler de RYL! \u00e0 l&rsquo;Universit\u00e9 de B\u00e2le ?<\/strong><br \/> Paulin : Oui. Le premier jour, j&rsquo;ai travers\u00e9 &#8211; sans but pr\u00e9cis &#8211; le grand hall de l&rsquo;Universit\u00e9 de B\u00e2le, o\u00f9 les associations, les soci\u00e9t\u00e9s d&rsquo;\u00e9tudiants et les organisations tenaient leurs stands. Chez ROCK YOUR LIFE! Fribourg, j&rsquo;ai non seulement pu rencontrer des B\u00e2le \u00e9taient sympathiques. J&rsquo;ai pu feuilleter leur mat\u00e9riel en toute tranquillit\u00e9 et j&rsquo;ai ensuite pu \u00e9changer avec Alina, l&rsquo;une des responsables du site \u00e0 l&rsquo;\u00e9poque. J&rsquo;ai trouv\u00e9 le programme super et j&rsquo;ai toujours voulu m&rsquo;engager. De plus, le groupe cible de ROCK YOUR LIFE! me plaisait et j&rsquo;\u00e9tais tout simplement impatiente de voir ce qui allait se passer.<\/p>\n<p><strong>Apr\u00e8s l&rsquo;inscription, se tient le matching. Pouvez-vous nous en parler ?<\/strong><br \/> Sadhbh : Nous avons fait un speed dating pour que les mentees puissent faire connaissance avec les mentor\u00b7e\u00b7s. Nous avions un papier avec quelques questions et nous avons pu \u00e9changer avec la moiti\u00e9 des personnes. A la pause de midi, j&rsquo;ai fait la connaissance avec Paulin. Elle a fr\u00e9quent\u00e9 la m\u00eame \u00e9cole secondaire que moi et avait suivi les cours avec les m\u00eames enseignant\u00b7e\u00b7s. La d\u00e9cision a \u00e9t\u00e9 facile \u00e0 prendre.<\/p>\n<p><strong>Lors de ces trois formations, quelle a \u00e9t\u00e9 votre exp\u00e9rience ?<\/strong><br \/> Paulin : Lors de la premi\u00e8re formation, nous avons \u00e9chang\u00e9 sur nos objectifs et nos attentes. Lors de la formation II, j&rsquo;ai beaucoup aim\u00e9 la t\u00e2che concernant les valeurs personnelles. Nous avons aussi d\u00fb r\u00e9fl\u00e9chir \u00e0 ce que nous aimions et \u00e0 ce que nous faisions bien. Bien que nous devions y r\u00e9fl\u00e9chir individuellement, la discussion a ensuite renforc\u00e9 la collaboration.<br \/> Sadhbh : Lors de la formation II, \u00e0 la fin, nous devions aussi nous offrir des m\u00e9tiers et c&rsquo;est par cet exercice que j&rsquo;ai appris l&rsquo;existence de \u00ab\u00a0M\u00e9decins sans fronti\u00e8res\u00a0\u00bb. La formation III m&rsquo;a \u00e9galement beaucoup aid\u00e9. Nous avons pu faire une photo pour le dossier de candidature et j&rsquo;ai appris qu&rsquo;il n&rsquo;y a pas que le contenu du CV et de la lettre de motivation qui est important, mais aussi la mise en page. Les formations \u00e9taient \u00e9galement passionnantes, car nous avons appris \u00e0 connaitre les histoires de chacun\u00b7e et avons pu nous aider mutuellement. Une fois, nous devions exprimer quels \u00e9taient nos soucis et chacun\u00b7e devait proposer un conseil. Cela nous a tous beaucoup aid\u00e9s et nous avons ainsi pu apprendre de l&rsquo;exp\u00e9rience des autres.<\/p>\n<p><strong>Les rencontres r\u00e9guli\u00e8res sont \u00e9galement au c\u0153ur de RYL! Qu&rsquo;avez-vous v\u00e9cu ?<\/strong><br \/> Paulin : L&rsquo;un des moments forts a \u00e9t\u00e9 lorsque nous nous sommes rencontr\u00e9es avec un autre tandem au \u00ab\u00a0Gr\u00fcn 80\u00a0\u00bb. C&rsquo;\u00e9tait tr\u00e8s d\u00e9tendu et nous avons beaucoup discut\u00e9. Sinon, nous nous sommes surtout rencontr\u00e9es autour d&rsquo;un caf\u00e9. J&rsquo;ai toujours voulu inviter Sadhbh dans ma colocation, mais nous n&rsquo;avons pas encore r\u00e9ussi \u00e0 le faire.<br \/> Sadhbh : Pour moi, l&rsquo;excursion au \u00ab\u00a0Gr\u00fcn 80\u00a0\u00bb avec l&rsquo;autre tandem de mentorat a \u00e9galement \u00e9t\u00e9 un moment fort. C&rsquo;\u00e9tait amusant, pour une fois, de ne pas \u00eatre dans le contexte de RYL!.<\/p>\n<p><strong>Les mentor\u00b7e\u00b7s visitent le centre d&rsquo;information professionnelle local. Comment \u00e9tait-ce ?<\/strong><br \/> Paulin : Toute la manifestation \u00e9tait tr\u00e8s riche et nous avons s\u00e9l\u00e9ctionn\u00e9 les \u00e9l\u00e9ments qui \u00e9tait important pour nous. J&rsquo;ai rassembl\u00e9 toutes les \u00e9l\u00e9ments desquels je voulais encore parler avec Sadhbh. Cela m&rsquo;a \u00e9galement permis de rafra\u00eechir mes connaissances sur le syst\u00e8me professionnel et \u00e9ducatif suisse.<\/p>\n<p><strong>Les sections locales proposent toujours des activit\u00e9s de loisirs. Auxquelles avez-vous particip\u00e9 \u00e0 B\u00e2le ?<\/strong><br \/> Sadhbh : Nous sommes all\u00e9s une fois faire du patin \u00e0 glace, j&rsquo;ai manqu\u00e9 le carnaval et la f\u00eate de l&rsquo;\u00e9t\u00e9. J&rsquo;ai beaucoup appr\u00e9ci\u00e9 les activit\u00e9s de loisirs, car nous nous retrouvons aussi en grand groupe et nous pouvons tous apprendre \u00e0 mieux nous conna\u00eetre.<\/p>\n<p><strong>Une table ronde est r\u00e9guli\u00e8rement propos\u00e9e aux mentor\u00b7e\u00b7s. Paulin, quel est votre ressenti par rapport \u00e0 celle-ci ?<\/strong><br \/> Paulin : La table ronde \u00e9tait bien car il y avait toujours des \u00e9changes stimulants. C&rsquo;\u00e9tait passionnant d&rsquo;entendre ce qui pr\u00e9occupait les autres dans leurs relations de mentorat et ce que vivaient les autres mentor\u00b7e\u00b7s.<\/p>\n<p><strong>Les visites dans les entreprises partenaires visent \u00e0 donner un aper\u00e7u du monde professionnel. Est-ce que c&rsquo;est r\u00e9ussi ?<\/strong><br \/> Paulin : Nous n&rsquo;avons malheureusement pas pu, toutes les deux, participer \u00e0 l&rsquo;atelier avec l&rsquo;entreprise partenaire Fossil, mais d&rsquo;autres tandems en ont rapport\u00e9 cet \u00e9v\u00e9nement avec enthousiasme. Je trouve le concept tr\u00e8s bien, car il permet aux mentees de d\u00e9couvrir de nouveaux domaines, de discuter du quotidien professionnel avec les apprenti\u00b7e\u00b7s et de pouvoir ainsi mieux se d\u00e9cider pour ou contre l&rsquo;entreprise.<br \/> Sadhbh : Je trouve \u00e7a tr\u00e8s bien aussi, surtout parce que nous avons souvent une id\u00e9e fixe de ce que nous voulons devenir plus tard et avec les ateliers, on a un autre point de vue et un aper\u00e7u des m\u00e9tiers.<\/p>\n<p><strong>Tous les mentor\u00b7e\u00b7s sont soutenu\u00b7e\u00b7s par des coordinateur\u00b7trice\u00b7s de tandem de mentorat. Comment as-tu per\u00e7u ce soutien ?<\/strong><br \/> Paulin : Bien. J&rsquo;ai r\u00e9guli\u00e8rement t\u00e9l\u00e9phon\u00e9 \u00e0 ma coordinatrice de tandem de mentorat ou nous nous sommes vues dans un caf\u00e9 avec d&rsquo;autres mentor\u00b7e\u00b7s. J&rsquo;aimais \u00e9changer sur notre relation de mentorat. Mais nous n&rsquo;avions pas de probl\u00e8mes o\u00f9 j&rsquo;avais besoin de soutien.<\/p>\n<p>[\/et_pb_text][\/et_pb_column][\/et_pb_row][\/et_pb_section]<\/p>\n","protected":false},"excerpt":{"rendered":"<p>C&rsquo;est chez RYL! B\u00e2le que Paulin et Sadhbh se sont rencontr\u00e9es et ont commenc\u00e9 \u00e0 se cotoyer en tant que tandem. <\/p>\n","protected":false},"author":50,"featured_media":8230,"comment_status":"closed","ping_status":"closed","sticky":false,"template":"","format":"standard","meta":{"_et_pb_use_builder":"on","_et_pb_old_content":"","_et_gb_content_width":"","footnotes":""},"categories":[44,43],"tags":[123,58,57,62,153],"class_list":["post-8061","post","type-post","status-publish","format-standard","has-post-thumbnail","hentry","category-histoire-a-succes","category-tous","tag-interviews-fr","tag-mentee-fr","tag-mentore","tag-mentorat","tag-suisse-alemanique"],"yoast_head":"<!-- This site is optimized with the Yoast SEO plugin v26.8 - https:\/\/yoast.com\/product\/yoast-seo-wordpress\/ -->\n<title>ROCK YOUR LIFE! - La discussion renforce la coop\u00e9ration - ROCK YOUR LIFE! Schweiz<\/title>\n<meta name=\"robots\" content=\"index, follow, max-snippet:-1, max-image-preview:large, max-video-preview:-1\" \/>\n<link rel=\"canonical\" href=\"https:\/\/schweiz.rockyourlife.org\/fr\/rock-your-life-la-discussion-renforce-la-cooperation\/\" \/>\n<meta property=\"og:locale\" content=\"fr_FR\" \/>\n<meta property=\"og:type\" content=\"article\" \/>\n<meta property=\"og:title\" content=\"ROCK YOUR LIFE! - La discussion renforce la coop\u00e9ration - ROCK YOUR LIFE! Schweiz\" \/>\n<meta property=\"og:description\" content=\"C&#039;est chez RYL! B\u00e2le que Paulin et Sadhbh se sont rencontr\u00e9es et ont commenc\u00e9 \u00e0 se cotoyer en tant que tandem.\" \/>\n<meta property=\"og:url\" content=\"https:\/\/schweiz.rockyourlife.org\/fr\/rock-your-life-la-discussion-renforce-la-cooperation\/\" \/>\n<meta property=\"og:site_name\" content=\"ROCK YOUR LIFE! Schweiz\" \/>\n<meta property=\"article:published_time\" content=\"2019-04-03T10:00:00+00:00\" \/>\n<meta property=\"article:modified_time\" content=\"2025-07-08T08:47:19+00:00\" \/>\n<meta property=\"og:image\" content=\"https:\/\/schweiz.rockyourlife.org\/wp-content\/uploads\/sites\/47\/2019\/08\/Paulin_Sadhbh.jpg\" \/>\n\t<meta property=\"og:image:width\" content=\"1080\" \/>\n\t<meta property=\"og:image:height\" content=\"665\" \/>\n\t<meta property=\"og:image:type\" content=\"image\/jpeg\" \/>\n<meta name=\"author\" content=\"schweiz\" \/>\n<meta name=\"twitter:card\" content=\"summary_large_image\" \/>\n<meta name=\"twitter:creator\" content=\"@schweiz\" \/>\n<meta name=\"twitter:label1\" content=\"\u00c9crit par\" \/>\n\t<meta name=\"twitter:data1\" content=\"schweiz\" \/>\n\t<meta name=\"twitter:label2\" content=\"Dur\u00e9e de lecture estim\u00e9e\" \/>\n\t<meta name=\"twitter:data2\" content=\"6 minutes\" \/>\n<script type=\"application\/ld+json\" class=\"yoast-schema-graph\">{\"@context\":\"https:\/\/schema.org\",\"@graph\":[{\"@type\":\"Article\",\"@id\":\"https:\/\/schweiz.rockyourlife.org\/fr\/rock-your-life-la-discussion-renforce-la-cooperation\/#article\",\"isPartOf\":{\"@id\":\"https:\/\/schweiz.rockyourlife.org\/fr\/rock-your-life-la-discussion-renforce-la-cooperation\/\"},\"author\":{\"name\":\"schweiz\",\"@id\":\"https:\/\/schweiz.rockyourlife.org\/#\/schema\/person\/bf0bff0f0d612d3f7aab2e4232f3480f\"},\"headline\":\"ROCK YOUR LIFE! &#8211; La discussion renforce la coop\u00e9ration\",\"datePublished\":\"2019-04-03T10:00:00+00:00\",\"dateModified\":\"2025-07-08T08:47:19+00:00\",\"mainEntityOfPage\":{\"@id\":\"https:\/\/schweiz.rockyourlife.org\/fr\/rock-your-life-la-discussion-renforce-la-cooperation\/\"},\"wordCount\":1226,\"image\":{\"@id\":\"https:\/\/schweiz.rockyourlife.org\/fr\/rock-your-life-la-discussion-renforce-la-cooperation\/#primaryimage\"},\"thumbnailUrl\":\"https:\/\/schweiz.rockyourlife.org\/wp-content\/uploads\/sites\/47\/2019\/08\/Paulin_Sadhbh.jpg\",\"keywords\":[\"Interviews\",\"Mentee\",\"Mentor\u00b7e\",\"Mentorat\",\"Suisse al\u00e9manique\"],\"articleSection\":[\"Histoire \u00e0 succ\u00e8s\",\"Tous\"],\"inLanguage\":\"fr-FR\"},{\"@type\":\"WebPage\",\"@id\":\"https:\/\/schweiz.rockyourlife.org\/fr\/rock-your-life-la-discussion-renforce-la-cooperation\/\",\"url\":\"https:\/\/schweiz.rockyourlife.org\/fr\/rock-your-life-la-discussion-renforce-la-cooperation\/\",\"name\":\"ROCK YOUR LIFE! - La discussion renforce la coop\u00e9ration - ROCK YOUR LIFE! Schweiz\",\"isPartOf\":{\"@id\":\"https:\/\/schweiz.rockyourlife.org\/#website\"},\"primaryImageOfPage\":{\"@id\":\"https:\/\/schweiz.rockyourlife.org\/fr\/rock-your-life-la-discussion-renforce-la-cooperation\/#primaryimage\"},\"image\":{\"@id\":\"https:\/\/schweiz.rockyourlife.org\/fr\/rock-your-life-la-discussion-renforce-la-cooperation\/#primaryimage\"},\"thumbnailUrl\":\"https:\/\/schweiz.rockyourlife.org\/wp-content\/uploads\/sites\/47\/2019\/08\/Paulin_Sadhbh.jpg\",\"datePublished\":\"2019-04-03T10:00:00+00:00\",\"dateModified\":\"2025-07-08T08:47:19+00:00\",\"author\":{\"@id\":\"https:\/\/schweiz.rockyourlife.org\/#\/schema\/person\/bf0bff0f0d612d3f7aab2e4232f3480f\"},\"breadcrumb\":{\"@id\":\"https:\/\/schweiz.rockyourlife.org\/fr\/rock-your-life-la-discussion-renforce-la-cooperation\/#breadcrumb\"},\"inLanguage\":\"fr-FR\",\"potentialAction\":[{\"@type\":\"ReadAction\",\"target\":[\"https:\/\/schweiz.rockyourlife.org\/fr\/rock-your-life-la-discussion-renforce-la-cooperation\/\"]}]},{\"@type\":\"ImageObject\",\"inLanguage\":\"fr-FR\",\"@id\":\"https:\/\/schweiz.rockyourlife.org\/fr\/rock-your-life-la-discussion-renforce-la-cooperation\/#primaryimage\",\"url\":\"https:\/\/schweiz.rockyourlife.org\/wp-content\/uploads\/sites\/47\/2019\/08\/Paulin_Sadhbh.jpg\",\"contentUrl\":\"https:\/\/schweiz.rockyourlife.org\/wp-content\/uploads\/sites\/47\/2019\/08\/Paulin_Sadhbh.jpg\",\"width\":1080,\"height\":665},{\"@type\":\"BreadcrumbList\",\"@id\":\"https:\/\/schweiz.rockyourlife.org\/fr\/rock-your-life-la-discussion-renforce-la-cooperation\/#breadcrumb\",\"itemListElement\":[{\"@type\":\"ListItem\",\"position\":1,\"name\":\"Startseite\",\"item\":\"https:\/\/schweiz.rockyourlife.org\/fr\/accueil\/\"},{\"@type\":\"ListItem\",\"position\":2,\"name\":\"ROCK YOUR LIFE! &#8211; La discussion renforce la coop\u00e9ration\"}]},{\"@type\":\"WebSite\",\"@id\":\"https:\/\/schweiz.rockyourlife.org\/#website\",\"url\":\"https:\/\/schweiz.rockyourlife.org\/\",\"name\":\"ROCK YOUR LIFE! Schweiz\",\"description\":\"Mentoring f\u00fcr Jugendliche\",\"potentialAction\":[{\"@type\":\"SearchAction\",\"target\":{\"@type\":\"EntryPoint\",\"urlTemplate\":\"https:\/\/schweiz.rockyourlife.org\/?s={search_term_string}\"},\"query-input\":{\"@type\":\"PropertyValueSpecification\",\"valueRequired\":true,\"valueName\":\"search_term_string\"}}],\"inLanguage\":\"fr-FR\"},{\"@type\":\"Person\",\"@id\":\"https:\/\/schweiz.rockyourlife.org\/#\/schema\/person\/bf0bff0f0d612d3f7aab2e4232f3480f\",\"name\":\"schweiz\",\"sameAs\":[\"https:\/\/x.com\/schweiz\"],\"url\":\"https:\/\/schweiz.rockyourlife.org\/fr\/author\/schweiz\/\"}]}<\/script>\n<!-- \/ Yoast SEO plugin. -->","yoast_head_json":{"title":"ROCK YOUR LIFE! - La discussion renforce la coop\u00e9ration - ROCK YOUR LIFE! Schweiz","robots":{"index":"index","follow":"follow","max-snippet":"max-snippet:-1","max-image-preview":"max-image-preview:large","max-video-preview":"max-video-preview:-1"},"canonical":"https:\/\/schweiz.rockyourlife.org\/fr\/rock-your-life-la-discussion-renforce-la-cooperation\/","og_locale":"fr_FR","og_type":"article","og_title":"ROCK YOUR LIFE! - La discussion renforce la coop\u00e9ration - ROCK YOUR LIFE! Schweiz","og_description":"C'est chez RYL! B\u00e2le que Paulin et Sadhbh se sont rencontr\u00e9es et ont commenc\u00e9 \u00e0 se cotoyer en tant que tandem.","og_url":"https:\/\/schweiz.rockyourlife.org\/fr\/rock-your-life-la-discussion-renforce-la-cooperation\/","og_site_name":"ROCK YOUR LIFE! Schweiz","article_published_time":"2019-04-03T10:00:00+00:00","article_modified_time":"2025-07-08T08:47:19+00:00","og_image":[{"width":1080,"height":665,"url":"https:\/\/schweiz.rockyourlife.org\/wp-content\/uploads\/sites\/47\/2019\/08\/Paulin_Sadhbh.jpg","type":"image\/jpeg"}],"author":"schweiz","twitter_card":"summary_large_image","twitter_creator":"@schweiz","twitter_misc":{"\u00c9crit par":"schweiz","Dur\u00e9e de lecture estim\u00e9e":"6 minutes"},"schema":{"@context":"https:\/\/schema.org","@graph":[{"@type":"Article","@id":"https:\/\/schweiz.rockyourlife.org\/fr\/rock-your-life-la-discussion-renforce-la-cooperation\/#article","isPartOf":{"@id":"https:\/\/schweiz.rockyourlife.org\/fr\/rock-your-life-la-discussion-renforce-la-cooperation\/"},"author":{"name":"schweiz","@id":"https:\/\/schweiz.rockyourlife.org\/#\/schema\/person\/bf0bff0f0d612d3f7aab2e4232f3480f"},"headline":"ROCK YOUR LIFE! &#8211; La discussion renforce la coop\u00e9ration","datePublished":"2019-04-03T10:00:00+00:00","dateModified":"2025-07-08T08:47:19+00:00","mainEntityOfPage":{"@id":"https:\/\/schweiz.rockyourlife.org\/fr\/rock-your-life-la-discussion-renforce-la-cooperation\/"},"wordCount":1226,"image":{"@id":"https:\/\/schweiz.rockyourlife.org\/fr\/rock-your-life-la-discussion-renforce-la-cooperation\/#primaryimage"},"thumbnailUrl":"https:\/\/schweiz.rockyourlife.org\/wp-content\/uploads\/sites\/47\/2019\/08\/Paulin_Sadhbh.jpg","keywords":["Interviews","Mentee","Mentor\u00b7e","Mentorat","Suisse al\u00e9manique"],"articleSection":["Histoire \u00e0 succ\u00e8s","Tous"],"inLanguage":"fr-FR"},{"@type":"WebPage","@id":"https:\/\/schweiz.rockyourlife.org\/fr\/rock-your-life-la-discussion-renforce-la-cooperation\/","url":"https:\/\/schweiz.rockyourlife.org\/fr\/rock-your-life-la-discussion-renforce-la-cooperation\/","name":"ROCK YOUR LIFE! - La discussion renforce la coop\u00e9ration - ROCK YOUR LIFE! Schweiz","isPartOf":{"@id":"https:\/\/schweiz.rockyourlife.org\/#website"},"primaryImageOfPage":{"@id":"https:\/\/schweiz.rockyourlife.org\/fr\/rock-your-life-la-discussion-renforce-la-cooperation\/#primaryimage"},"image":{"@id":"https:\/\/schweiz.rockyourlife.org\/fr\/rock-your-life-la-discussion-renforce-la-cooperation\/#primaryimage"},"thumbnailUrl":"https:\/\/schweiz.rockyourlife.org\/wp-content\/uploads\/sites\/47\/2019\/08\/Paulin_Sadhbh.jpg","datePublished":"2019-04-03T10:00:00+00:00","dateModified":"2025-07-08T08:47:19+00:00","author":{"@id":"https:\/\/schweiz.rockyourlife.org\/#\/schema\/person\/bf0bff0f0d612d3f7aab2e4232f3480f"},"breadcrumb":{"@id":"https:\/\/schweiz.rockyourlife.org\/fr\/rock-your-life-la-discussion-renforce-la-cooperation\/#breadcrumb"},"inLanguage":"fr-FR","potentialAction":[{"@type":"ReadAction","target":["https:\/\/schweiz.rockyourlife.org\/fr\/rock-your-life-la-discussion-renforce-la-cooperation\/"]}]},{"@type":"ImageObject","inLanguage":"fr-FR","@id":"https:\/\/schweiz.rockyourlife.org\/fr\/rock-your-life-la-discussion-renforce-la-cooperation\/#primaryimage","url":"https:\/\/schweiz.rockyourlife.org\/wp-content\/uploads\/sites\/47\/2019\/08\/Paulin_Sadhbh.jpg","contentUrl":"https:\/\/schweiz.rockyourlife.org\/wp-content\/uploads\/sites\/47\/2019\/08\/Paulin_Sadhbh.jpg","width":1080,"height":665},{"@type":"BreadcrumbList","@id":"https:\/\/schweiz.rockyourlife.org\/fr\/rock-your-life-la-discussion-renforce-la-cooperation\/#breadcrumb","itemListElement":[{"@type":"ListItem","position":1,"name":"Startseite","item":"https:\/\/schweiz.rockyourlife.org\/fr\/accueil\/"},{"@type":"ListItem","position":2,"name":"ROCK YOUR LIFE! &#8211; La discussion renforce la coop\u00e9ration"}]},{"@type":"WebSite","@id":"https:\/\/schweiz.rockyourlife.org\/#website","url":"https:\/\/schweiz.rockyourlife.org\/","name":"ROCK YOUR LIFE! Schweiz","description":"Mentoring f\u00fcr Jugendliche","potentialAction":[{"@type":"SearchAction","target":{"@type":"EntryPoint","urlTemplate":"https:\/\/schweiz.rockyourlife.org\/?s={search_term_string}"},"query-input":{"@type":"PropertyValueSpecification","valueRequired":true,"valueName":"search_term_string"}}],"inLanguage":"fr-FR"},{"@type":"Person","@id":"https:\/\/schweiz.rockyourlife.org\/#\/schema\/person\/bf0bff0f0d612d3f7aab2e4232f3480f","name":"schweiz","sameAs":["https:\/\/x.com\/schweiz"],"url":"https:\/\/schweiz.rockyourlife.org\/fr\/author\/schweiz\/"}]}},"_links":{"self":[{"href":"https:\/\/schweiz.rockyourlife.org\/fr\/wp-json\/wp\/v2\/posts\/8061","targetHints":{"allow":["GET"]}}],"collection":[{"href":"https:\/\/schweiz.rockyourlife.org\/fr\/wp-json\/wp\/v2\/posts"}],"about":[{"href":"https:\/\/schweiz.rockyourlife.org\/fr\/wp-json\/wp\/v2\/types\/post"}],"author":[{"embeddable":true,"href":"https:\/\/schweiz.rockyourlife.org\/fr\/wp-json\/wp\/v2\/users\/50"}],"replies":[{"embeddable":true,"href":"https:\/\/schweiz.rockyourlife.org\/fr\/wp-json\/wp\/v2\/comments?post=8061"}],"version-history":[{"count":5,"href":"https:\/\/schweiz.rockyourlife.org\/fr\/wp-json\/wp\/v2\/posts\/8061\/revisions"}],"predecessor-version":[{"id":18035,"href":"https:\/\/schweiz.rockyourlife.org\/fr\/wp-json\/wp\/v2\/posts\/8061\/revisions\/18035"}],"wp:featuredmedia":[{"embeddable":true,"href":"https:\/\/schweiz.rockyourlife.org\/fr\/wp-json\/wp\/v2\/media\/8230"}],"wp:attachment":[{"href":"https:\/\/schweiz.rockyourlife.org\/fr\/wp-json\/wp\/v2\/media?parent=8061"}],"wp:term":[{"taxonomy":"category","embeddable":true,"href":"https:\/\/schweiz.rockyourlife.org\/fr\/wp-json\/wp\/v2\/categories?post=8061"},{"taxonomy":"post_tag","embeddable":true,"href":"https:\/\/schweiz.rockyourlife.org\/fr\/wp-json\/wp\/v2\/tags?post=8061"}],"curies":[{"name":"wp","href":"https:\/\/api.w.org\/{rel}","templated":true}]}}